{"id":5806,"date":"2026-09-02T15:44:31","date_gmt":"2026-09-02T13:44:31","guid":{"rendered":"https:\/\/www.matrix-sa.com\/matrix-a-fakuma-2026-celebrem-la-30a-edicio\/"},"modified":"2026-09-02T15:44:31","modified_gmt":"2026-09-02T13:44:31","slug":"matrix-a-fakuma-2026-celebrem-la-30a-edicio","status":"publish","type":"post","link":"https:\/\/www.matrix-sa.com\/ca\/matrix-a-fakuma-2026-celebrem-la-30a-edicio\/","title":{"rendered":"Matrix a Fakuma 2026: celebrem la 30a edici\u00f3"},"content":{"rendered":"<p>Ja ho estem preparant tot per a la participaci\u00f3 de<strong> Matrix a Fakuma 2026<\/strong>, on rebrem els visitants de la 30a edici\u00f3 d\u2019aquesta fira de refer\u00e8ncia per a la ind\u00fastria de la transformaci\u00f3 de pl\u00e0stics. L\u2019esdeveniment tindr\u00e0 lloc a <strong>Friedrichshafen<\/strong> del <strong>12 al 16 d\u2019octubre<\/strong> de 2026. <\/p>\n<h2>Why visit Matrix at Fakuma 2026?<\/h2>\n<p>Fakuma \u00e9s un dels principals punts de trobada europeus per a la ind\u00fastria de la transformaci\u00f3 de pl\u00e0stics. La fira engloba tota la cadena de valor del sector. Les principals \u00e0rees inclouen la injecci\u00f3 de pl\u00e0stics, les mat\u00e8ries primeres, els motlles, la tecnologia de processos i el reciclatge.  <\/p>\n<p>L\u2019edici\u00f3 anterior va reunir <strong>1.639 expositors<\/strong> de <strong>40 pa\u00efsos<\/strong>. Tamb\u00e9 va atreure <strong>36.675 visitants<\/strong> de <strong>86 nacionalitats<\/strong>. La superf\u00edcie total d\u2019exposici\u00f3 va ser de 85.000 m\u00b2.  <\/p>\n<p>Fakuma 2026 oferir\u00e0 un programa especial d\u2019aniversari. Els visitants podran assistir a presentacions t\u00e8cniques i a una taula rodona sobre la resili\u00e8ncia de la ind\u00fastria europea. El programa tamb\u00e9 inclour\u00e0 projectes de startups, el Career Friday i la primera edici\u00f3 dels Fakuma Innovation Awards.  <\/p>\n<p><strong>Encara no tens entrada?<\/strong> Pots descarregar <a href=\"https:\/\/www.schall-registrierung.de\/login.php?code=551DC-96RTA\" target=\"_blank\" rel=\"noopener\"><strong>[aqu\u00ed la teva acreditaci\u00f3].<\/strong><\/a><\/p>\n<p>Vine a prendre un caf\u00e8 amb nosaltres mentre descobreixes les \u00faltimes novetats de Matrix. Lino Sessa, Rosa Manyes i Marc Sol\u00e9 estaran encantats de rebre\u2019t. <\/p>\n<p><strong>See you in Zeppelin Hall 1!<\/strong><\/p>\n","protected":false},"excerpt":{"rendered":"<p>Ja ho estem preparant tot per a la participaci\u00f3 de Matrix a Fakuma 2026, on rebrem els visitants de la 30a edici\u00f3 d\u2019aquesta fira de refer\u00e8ncia per a la ind\u00fastria de la transformaci\u00f3 de pl\u00e0stics. L\u2019esdeveniment tindr\u00e0 lloc a Friedrichshafen del 12 al 16 d\u2019octubre de 2026. Why visit Matrix at Fakuma 2026? Fakuma \u00e9s [&hellip;]<\/p>\n","protected":false},"author":3,"featured_media":5801,"comment_status":"open","ping_status":"open","sticky":false,"template":"","format":"standard","meta":{"product_image_gallery":"","footnotes":""},"categories":[52],"tags":[],"class_list":["post-5806","post","type-post","status-publish","format-standard","has-post-thumbnail","hentry","category-esdeveniments"],"yoast_head":"<!-- This site is optimized with the Yoast SEO plugin v28.3 - https:\/\/yoast.com\/product\/yoast-seo-wordpress\/ -->\n<title>Matrix a Fakuma 2026: celebrem la 30a edici\u00f3 - Matrix<\/title>\n<meta name=\"description\" content=\"Matrix ser\u00e0 a Fakuma 2026 del 12 al 16 d\u2019octubre. Visita\u2019ns al pavell\u00f3 Zeppelin 1 i descobreix les \u00faltimes novetats de Matrix.\" \/>\n<meta name=\"robots\" content=\"index, follow, max-snippet:-1, max-image-preview:large, max-video-preview:-1\" \/>\n<link rel=\"canonical\" href=\"https:\/\/www.matrix-sa.com\/ca\/matrix-a-fakuma-2026-celebrem-la-30a-edicio\/\" \/>\n<meta property=\"og:locale\" content=\"ca_ES\" \/>\n<meta property=\"og:type\" content=\"article\" \/>\n<meta property=\"og:title\" content=\"Matrix a Fakuma 2026: celebrem la 30a edici\u00f3 - Matrix\" \/>\n<meta property=\"og:description\" content=\"Matrix ser\u00e0 a Fakuma 2026 del 12 al 16 d\u2019octubre. Visita\u2019ns al pavell\u00f3 Zeppelin 1 i descobreix les \u00faltimes novetats de Matrix.\" \/>\n<meta property=\"og:url\" content=\"https:\/\/www.matrix-sa.com\/ca\/matrix-a-fakuma-2026-celebrem-la-30a-edicio\/\" \/>\n<meta property=\"og:site_name\" content=\"Matrix\" \/>\n<meta property=\"article:published_time\" content=\"2026-09-02T13:44:31+00:00\" \/>\n<meta property=\"og:image\" content=\"https:\/\/www.matrix-sa.com\/wp-content\/uploads\/2026\/09\/Matrix-Fakuma-2026.jpg\" \/>\n\t<meta property=\"og:image:width\" content=\"1200\" \/>\n\t<meta property=\"og:image:height\" content=\"800\" \/>\n\t<meta property=\"og:image:type\" content=\"image\/jpeg\" \/>\n<meta name=\"author\" content=\"Joaquim\" \/>\n<meta name=\"twitter:card\" content=\"summary_large_image\" \/>\n<meta name=\"twitter:label1\" content=\"Escrit per\" \/>\n\t<meta name=\"twitter:data1\" content=\"Joaquim\" \/>\n\t<meta name=\"twitter:label2\" content=\"Temps estimat de lectura\" \/>\n\t<meta name=\"twitter:data2\" content=\"1 minut\" \/>\n<script type=\"application\/ld+json\" class=\"yoast-schema-graph\">{\"@context\":\"https:\\\/\\\/schema.org\",\"@graph\":[{\"@type\":\"Article\",\"@id\":\"https:\\\/\\\/www.matrix-sa.com\\\/ca\\\/matrix-a-fakuma-2026-celebrem-la-30a-edicio\\\/#article\",\"isPartOf\":{\"@id\":\"https:\\\/\\\/www.matrix-sa.com\\\/ca\\\/matrix-a-fakuma-2026-celebrem-la-30a-edicio\\\/\"},\"author\":{\"name\":\"Joaquim\",\"@id\":\"https:\\\/\\\/www.matrix-sa.com\\\/ca\\\/#\\\/schema\\\/person\\\/3655406a66db58cf1a4bafacc4a37f98\"},\"headline\":\"Matrix a Fakuma 2026: celebrem la 30a edici\u00f3\",\"datePublished\":\"2026-09-02T13:44:31+00:00\",\"mainEntityOfPage\":{\"@id\":\"https:\\\/\\\/www.matrix-sa.com\\\/ca\\\/matrix-a-fakuma-2026-celebrem-la-30a-edicio\\\/\"},\"wordCount\":226,\"commentCount\":0,\"publisher\":{\"@id\":\"https:\\\/\\\/www.matrix-sa.com\\\/ca\\\/#organization\"},\"image\":{\"@id\":\"https:\\\/\\\/www.matrix-sa.com\\\/ca\\\/matrix-a-fakuma-2026-celebrem-la-30a-edicio\\\/#primaryimage\"},\"thumbnailUrl\":\"https:\\\/\\\/www.matrix-sa.com\\\/wp-content\\\/uploads\\\/2026\\\/09\\\/Matrix-Fakuma-2026.jpg\",\"articleSection\":[\"Esdeveniments\"],\"inLanguage\":\"ca\",\"potentialAction\":[{\"@type\":\"CommentAction\",\"name\":\"Comment\",\"target\":[\"https:\\\/\\\/www.matrix-sa.com\\\/ca\\\/matrix-a-fakuma-2026-celebrem-la-30a-edicio\\\/#respond\"]}]},{\"@type\":\"WebPage\",\"@id\":\"https:\\\/\\\/www.matrix-sa.com\\\/ca\\\/matrix-a-fakuma-2026-celebrem-la-30a-edicio\\\/\",\"url\":\"https:\\\/\\\/www.matrix-sa.com\\\/ca\\\/matrix-a-fakuma-2026-celebrem-la-30a-edicio\\\/\",\"name\":\"Matrix a Fakuma 2026: celebrem la 30a edici\u00f3 - Matrix\",\"isPartOf\":{\"@id\":\"https:\\\/\\\/www.matrix-sa.com\\\/ca\\\/#website\"},\"primaryImageOfPage\":{\"@id\":\"https:\\\/\\\/www.matrix-sa.com\\\/ca\\\/matrix-a-fakuma-2026-celebrem-la-30a-edicio\\\/#primaryimage\"},\"image\":{\"@id\":\"https:\\\/\\\/www.matrix-sa.com\\\/ca\\\/matrix-a-fakuma-2026-celebrem-la-30a-edicio\\\/#primaryimage\"},\"thumbnailUrl\":\"https:\\\/\\\/www.matrix-sa.com\\\/wp-content\\\/uploads\\\/2026\\\/09\\\/Matrix-Fakuma-2026.jpg\",\"datePublished\":\"2026-09-02T13:44:31+00:00\",\"description\":\"Matrix ser\u00e0 a Fakuma 2026 del 12 al 16 d\u2019octubre. Visita\u2019ns al pavell\u00f3 Zeppelin 1 i descobreix les \u00faltimes novetats de Matrix.\",\"breadcrumb\":{\"@id\":\"https:\\\/\\\/www.matrix-sa.com\\\/ca\\\/matrix-a-fakuma-2026-celebrem-la-30a-edicio\\\/#breadcrumb\"},\"inLanguage\":\"ca\",\"potentialAction\":[{\"@type\":\"ReadAction\",\"target\":[\"https:\\\/\\\/www.matrix-sa.com\\\/ca\\\/matrix-a-fakuma-2026-celebrem-la-30a-edicio\\\/\"]}]},{\"@type\":\"ImageObject\",\"inLanguage\":\"ca\",\"@id\":\"https:\\\/\\\/www.matrix-sa.com\\\/ca\\\/matrix-a-fakuma-2026-celebrem-la-30a-edicio\\\/#primaryimage\",\"url\":\"https:\\\/\\\/www.matrix-sa.com\\\/wp-content\\\/uploads\\\/2026\\\/09\\\/Matrix-Fakuma-2026.jpg\",\"contentUrl\":\"https:\\\/\\\/www.matrix-sa.com\\\/wp-content\\\/uploads\\\/2026\\\/09\\\/Matrix-Fakuma-2026.jpg\",\"width\":1200,\"height\":800,\"caption\":\"Matrix team in Zeppelin Hall 1 at Fakuma\"},{\"@type\":\"BreadcrumbList\",\"@id\":\"https:\\\/\\\/www.matrix-sa.com\\\/ca\\\/matrix-a-fakuma-2026-celebrem-la-30a-edicio\\\/#breadcrumb\",\"itemListElement\":[{\"@type\":\"ListItem\",\"position\":1,\"name\":\"Inici\",\"item\":\"https:\\\/\\\/www.matrix-sa.com\\\/ca\\\/inici\\\/\"},{\"@type\":\"ListItem\",\"position\":2,\"name\":\"Matrix a Fakuma 2026: celebrem la 30a edici\u00f3\"}]},{\"@type\":\"WebSite\",\"@id\":\"https:\\\/\\\/www.matrix-sa.com\\\/ca\\\/#website\",\"url\":\"https:\\\/\\\/www.matrix-sa.com\\\/ca\\\/\",\"name\":\"Matrix - Injection Moulds\",\"description\":\"MATRIX is a company dedicated to designing and manufacturing high precision injection moulds using the most advanced technology integrated in CAD\\\/CAM\\\/CAE.\",\"publisher\":{\"@id\":\"https:\\\/\\\/www.matrix-sa.com\\\/ca\\\/#organization\"},\"potentialAction\":[{\"@type\":\"SearchAction\",\"target\":{\"@type\":\"EntryPoint\",\"urlTemplate\":\"https:\\\/\\\/www.matrix-sa.com\\\/ca\\\/?s={search_term_string}\"},\"query-input\":{\"@type\":\"PropertyValueSpecification\",\"valueRequired\":true,\"valueName\":\"search_term_string\"}}],\"inLanguage\":\"ca\"},{\"@type\":\"Organization\",\"@id\":\"https:\\\/\\\/www.matrix-sa.com\\\/ca\\\/#organization\",\"name\":\"Matrix\",\"url\":\"https:\\\/\\\/www.matrix-sa.com\\\/ca\\\/\",\"logo\":{\"@type\":\"ImageObject\",\"inLanguage\":\"ca\",\"@id\":\"https:\\\/\\\/www.matrix-sa.com\\\/ca\\\/#\\\/schema\\\/logo\\\/image\\\/\",\"url\":\"https:\\\/\\\/www.matrix-sa.com\\\/wp-content\\\/uploads\\\/2025\\\/02\\\/Favicon.svg\",\"contentUrl\":\"https:\\\/\\\/www.matrix-sa.com\\\/wp-content\\\/uploads\\\/2025\\\/02\\\/Favicon.svg\",\"width\":44,\"height\":44,\"caption\":\"Matrix\"},\"image\":{\"@id\":\"https:\\\/\\\/www.matrix-sa.com\\\/ca\\\/#\\\/schema\\\/logo\\\/image\\\/\"}},{\"@type\":\"Person\",\"@id\":\"https:\\\/\\\/www.matrix-sa.com\\\/ca\\\/#\\\/schema\\\/person\\\/3655406a66db58cf1a4bafacc4a37f98\",\"name\":\"Joaquim\",\"image\":{\"@type\":\"ImageObject\",\"inLanguage\":\"ca\",\"@id\":\"https:\\\/\\\/secure.gravatar.com\\\/avatar\\\/a5130a89703ae62de619b0467cebbc8aa30996c072e3185c296b160ca9d6253f?s=96&d=mm&r=g\",\"url\":\"https:\\\/\\\/secure.gravatar.com\\\/avatar\\\/a5130a89703ae62de619b0467cebbc8aa30996c072e3185c296b160ca9d6253f?s=96&d=mm&r=g\",\"contentUrl\":\"https:\\\/\\\/secure.gravatar.com\\\/avatar\\\/a5130a89703ae62de619b0467cebbc8aa30996c072e3185c296b160ca9d6253f?s=96&d=mm&r=g\",\"caption\":\"Joaquim\"},\"url\":\"https:\\\/\\\/www.matrix-sa.com\\\/ca\\\/author\\\/joaquim-matrix\\\/\"}]}<\/script>\n<!-- \/ Yoast SEO plugin. -->","yoast_head_json":{"title":"Matrix a Fakuma 2026: celebrem la 30a edici\u00f3 - Matrix","description":"Matrix ser\u00e0 a Fakuma 2026 del 12 al 16 d\u2019octubre. Visita\u2019ns al pavell\u00f3 Zeppelin 1 i descobreix les \u00faltimes novetats de Matrix.","robots":{"index":"index","follow":"follow","max-snippet":"max-snippet:-1","max-image-preview":"max-image-preview:large","max-video-preview":"max-video-preview:-1"},"canonical":"https:\/\/www.matrix-sa.com\/ca\/matrix-a-fakuma-2026-celebrem-la-30a-edicio\/","og_locale":"ca_ES","og_type":"article","og_title":"Matrix a Fakuma 2026: celebrem la 30a edici\u00f3 - Matrix","og_description":"Matrix ser\u00e0 a Fakuma 2026 del 12 al 16 d\u2019octubre. Visita\u2019ns al pavell\u00f3 Zeppelin 1 i descobreix les \u00faltimes novetats de Matrix.","og_url":"https:\/\/www.matrix-sa.com\/ca\/matrix-a-fakuma-2026-celebrem-la-30a-edicio\/","og_site_name":"Matrix","article_published_time":"2026-09-02T13:44:31+00:00","og_image":[{"width":1200,"height":800,"url":"https:\/\/www.matrix-sa.com\/wp-content\/uploads\/2026\/09\/Matrix-Fakuma-2026.jpg","type":"image\/jpeg"}],"author":"Joaquim","twitter_card":"summary_large_image","twitter_misc":{"Escrit per":"Joaquim","Temps estimat de lectura":"1 minut"},"schema":{"@context":"https:\/\/schema.org","@graph":[{"@type":"Article","@id":"https:\/\/www.matrix-sa.com\/ca\/matrix-a-fakuma-2026-celebrem-la-30a-edicio\/#article","isPartOf":{"@id":"https:\/\/www.matrix-sa.com\/ca\/matrix-a-fakuma-2026-celebrem-la-30a-edicio\/"},"author":{"name":"Joaquim","@id":"https:\/\/www.matrix-sa.com\/ca\/#\/schema\/person\/3655406a66db58cf1a4bafacc4a37f98"},"headline":"Matrix a Fakuma 2026: celebrem la 30a edici\u00f3","datePublished":"2026-09-02T13:44:31+00:00","mainEntityOfPage":{"@id":"https:\/\/www.matrix-sa.com\/ca\/matrix-a-fakuma-2026-celebrem-la-30a-edicio\/"},"wordCount":226,"commentCount":0,"publisher":{"@id":"https:\/\/www.matrix-sa.com\/ca\/#organization"},"image":{"@id":"https:\/\/www.matrix-sa.com\/ca\/matrix-a-fakuma-2026-celebrem-la-30a-edicio\/#primaryimage"},"thumbnailUrl":"https:\/\/www.matrix-sa.com\/wp-content\/uploads\/2026\/09\/Matrix-Fakuma-2026.jpg","articleSection":["Esdeveniments"],"inLanguage":"ca","potentialAction":[{"@type":"CommentAction","name":"Comment","target":["https:\/\/www.matrix-sa.com\/ca\/matrix-a-fakuma-2026-celebrem-la-30a-edicio\/#respond"]}]},{"@type":"WebPage","@id":"https:\/\/www.matrix-sa.com\/ca\/matrix-a-fakuma-2026-celebrem-la-30a-edicio\/","url":"https:\/\/www.matrix-sa.com\/ca\/matrix-a-fakuma-2026-celebrem-la-30a-edicio\/","name":"Matrix a Fakuma 2026: celebrem la 30a edici\u00f3 - Matrix","isPartOf":{"@id":"https:\/\/www.matrix-sa.com\/ca\/#website"},"primaryImageOfPage":{"@id":"https:\/\/www.matrix-sa.com\/ca\/matrix-a-fakuma-2026-celebrem-la-30a-edicio\/#primaryimage"},"image":{"@id":"https:\/\/www.matrix-sa.com\/ca\/matrix-a-fakuma-2026-celebrem-la-30a-edicio\/#primaryimage"},"thumbnailUrl":"https:\/\/www.matrix-sa.com\/wp-content\/uploads\/2026\/09\/Matrix-Fakuma-2026.jpg","datePublished":"2026-09-02T13:44:31+00:00","description":"Matrix ser\u00e0 a Fakuma 2026 del 12 al 16 d\u2019octubre. Visita\u2019ns al pavell\u00f3 Zeppelin 1 i descobreix les \u00faltimes novetats de Matrix.","breadcrumb":{"@id":"https:\/\/www.matrix-sa.com\/ca\/matrix-a-fakuma-2026-celebrem-la-30a-edicio\/#breadcrumb"},"inLanguage":"ca","potentialAction":[{"@type":"ReadAction","target":["https:\/\/www.matrix-sa.com\/ca\/matrix-a-fakuma-2026-celebrem-la-30a-edicio\/"]}]},{"@type":"ImageObject","inLanguage":"ca","@id":"https:\/\/www.matrix-sa.com\/ca\/matrix-a-fakuma-2026-celebrem-la-30a-edicio\/#primaryimage","url":"https:\/\/www.matrix-sa.com\/wp-content\/uploads\/2026\/09\/Matrix-Fakuma-2026.jpg","contentUrl":"https:\/\/www.matrix-sa.com\/wp-content\/uploads\/2026\/09\/Matrix-Fakuma-2026.jpg","width":1200,"height":800,"caption":"Matrix team in Zeppelin Hall 1 at Fakuma"},{"@type":"BreadcrumbList","@id":"https:\/\/www.matrix-sa.com\/ca\/matrix-a-fakuma-2026-celebrem-la-30a-edicio\/#breadcrumb","itemListElement":[{"@type":"ListItem","position":1,"name":"Inici","item":"https:\/\/www.matrix-sa.com\/ca\/inici\/"},{"@type":"ListItem","position":2,"name":"Matrix a Fakuma 2026: celebrem la 30a edici\u00f3"}]},{"@type":"WebSite","@id":"https:\/\/www.matrix-sa.com\/ca\/#website","url":"https:\/\/www.matrix-sa.com\/ca\/","name":"Matrix - Injection Moulds","description":"MATRIX is a company dedicated to designing and manufacturing high precision injection moulds using the most advanced technology integrated in CAD\/CAM\/CAE.","publisher":{"@id":"https:\/\/www.matrix-sa.com\/ca\/#organization"},"potentialAction":[{"@type":"SearchAction","target":{"@type":"EntryPoint","urlTemplate":"https:\/\/www.matrix-sa.com\/ca\/?s={search_term_string}"},"query-input":{"@type":"PropertyValueSpecification","valueRequired":true,"valueName":"search_term_string"}}],"inLanguage":"ca"},{"@type":"Organization","@id":"https:\/\/www.matrix-sa.com\/ca\/#organization","name":"Matrix","url":"https:\/\/www.matrix-sa.com\/ca\/","logo":{"@type":"ImageObject","inLanguage":"ca","@id":"https:\/\/www.matrix-sa.com\/ca\/#\/schema\/logo\/image\/","url":"https:\/\/www.matrix-sa.com\/wp-content\/uploads\/2025\/02\/Favicon.svg","contentUrl":"https:\/\/www.matrix-sa.com\/wp-content\/uploads\/2025\/02\/Favicon.svg","width":44,"height":44,"caption":"Matrix"},"image":{"@id":"https:\/\/www.matrix-sa.com\/ca\/#\/schema\/logo\/image\/"}},{"@type":"Person","@id":"https:\/\/www.matrix-sa.com\/ca\/#\/schema\/person\/3655406a66db58cf1a4bafacc4a37f98","name":"Joaquim","image":{"@type":"ImageObject","inLanguage":"ca","@id":"https:\/\/secure.gravatar.com\/avatar\/a5130a89703ae62de619b0467cebbc8aa30996c072e3185c296b160ca9d6253f?s=96&d=mm&r=g","url":"https:\/\/secure.gravatar.com\/avatar\/a5130a89703ae62de619b0467cebbc8aa30996c072e3185c296b160ca9d6253f?s=96&d=mm&r=g","contentUrl":"https:\/\/secure.gravatar.com\/avatar\/a5130a89703ae62de619b0467cebbc8aa30996c072e3185c296b160ca9d6253f?s=96&d=mm&r=g","caption":"Joaquim"},"url":"https:\/\/www.matrix-sa.com\/ca\/author\/joaquim-matrix\/"}]}},"_links":{"self":[{"href":"https:\/\/www.matrix-sa.com\/ca\/wp-json\/wp\/v2\/posts\/5806","targetHints":{"allow":["GET"]}}],"collection":[{"href":"https:\/\/www.matrix-sa.com\/ca\/wp-json\/wp\/v2\/posts"}],"about":[{"href":"https:\/\/www.matrix-sa.com\/ca\/wp-json\/wp\/v2\/types\/post"}],"author":[{"embeddable":true,"href":"https:\/\/www.matrix-sa.com\/ca\/wp-json\/wp\/v2\/users\/3"}],"replies":[{"embeddable":true,"href":"https:\/\/www.matrix-sa.com\/ca\/wp-json\/wp\/v2\/comments?post=5806"}],"version-history":[{"count":0,"href":"https:\/\/www.matrix-sa.com\/ca\/wp-json\/wp\/v2\/posts\/5806\/revisions"}],"wp:featuredmedia":[{"embeddable":true,"href":"https:\/\/www.matrix-sa.com\/ca\/wp-json\/wp\/v2\/media\/5801"}],"wp:attachment":[{"href":"https:\/\/www.matrix-sa.com\/ca\/wp-json\/wp\/v2\/media?parent=5806"}],"wp:term":[{"taxonomy":"category","embeddable":true,"href":"https:\/\/www.matrix-sa.com\/ca\/wp-json\/wp\/v2\/categories?post=5806"},{"taxonomy":"post_tag","embeddable":true,"href":"https:\/\/www.matrix-sa.com\/ca\/wp-json\/wp\/v2\/tags?post=5806"}],"curies":[{"name":"wp","href":"https:\/\/api.w.org\/{rel}","templated":true}]}}