{"id":5808,"date":"2026-09-02T15:44:31","date_gmt":"2026-09-02T13:44:31","guid":{"rendered":"https:\/\/www.matrix-sa.com\/matrix-en-fakuma-2026-celebramos-la-30-a-edicion\/"},"modified":"2026-09-02T15:44:31","modified_gmt":"2026-09-02T13:44:31","slug":"matrix-en-fakuma-2026-celebramos-la-30-a-edicion","status":"publish","type":"post","link":"https:\/\/www.matrix-sa.com\/es\/matrix-en-fakuma-2026-celebramos-la-30-a-edicion\/","title":{"rendered":"Matrix en Fakuma 2026: celebramos la 30.\u00aa edici\u00f3n"},"content":{"rendered":"<p>Ya estamos preparando todo para la participaci\u00f3n de <strong>Matrix en Fakuma 2026<\/strong>, donde recibiremos a los visitantes de la 30.\u00aa edici\u00f3n de esta feria de referencia para la industria de la transformaci\u00f3n de pl\u00e1sticos. El evento tendr\u00e1 lugar en <strong>Friedrichshafen<\/strong> del <strong>12 al 16 de octubre<\/strong> de 2026. <\/p>\n<h2>\u00bfPor qu\u00e9 visitar a Matrix en Fakuma 2026?<\/h2>\n<p>Fakuma es uno de los principales puntos de encuentro europeos para la industria de la transformaci\u00f3n de pl\u00e1sticos. La feria abarca toda la cadena de valor del sector. Entre las \u00e1reas m\u00e1s destacadas se encuentran el moldeo por inyecci\u00f3n, las materias primas, los moldes, la tecnolog\u00eda de procesos y el reciclaje.  <\/p>\n<p>La edici\u00f3n anterior reuni\u00f3 a <strong>1.639 expositores<\/strong> de <strong>40 pa\u00edses<\/strong>. Tambi\u00e9n atrajo a<strong> 36.675 visitantes<\/strong> de <strong>86 nacionalidades<\/strong>. La superficie total de exposici\u00f3n alcanz\u00f3 los 85.000 m\u00b2.  <\/p>\n<p>Fakuma 2026 ofrecer\u00e1 un programa especial de aniversario. Los visitantes podr\u00e1n asistir a presentaciones t\u00e9cnicas y a una mesa redonda sobre la resiliencia de la industria europea. El programa tambi\u00e9n incluir\u00e1 proyectos de startups, el Career Friday y la primera edici\u00f3n de los Fakuma Innovation Awards.  <\/p>\n<p><strong>\u00bfNecesitas tu entrada? <\/strong>Puedes descargar<strong><a href=\"https:\/\/www.schall-registrierung.de\/login.php?code=551DC-96RTA\" target=\"_blank\" rel=\"noopener\"> [Aqu\u00ed tu acreditaci\u00f3n].<\/a><\/strong><\/p>\n<p>Ven a tomar un caf\u00e9 con nosotros mientras descubres las \u00faltimas novedades de Matrix. Lino Sessa, Rosa Manyes y Marc Sol\u00e9 estar\u00e1n encantados de recibirte. <\/p>\n<p><strong>\u00a1Nos vemos en el pabell\u00f3n Zeppelin 1!<\/strong><\/p>\n","protected":false},"excerpt":{"rendered":"<p>Ya estamos preparando todo para la participaci\u00f3n de Matrix en Fakuma 2026, donde recibiremos a los visitantes de la 30.\u00aa edici\u00f3n de esta feria de referencia para la industria de la transformaci\u00f3n de pl\u00e1sticos. El evento tendr\u00e1 lugar en Friedrichshafen del 12 al 16 de octubre de 2026. \u00bfPor qu\u00e9 visitar a Matrix en Fakuma [&hellip;]<\/p>\n","protected":false},"author":3,"featured_media":5803,"comment_status":"open","ping_status":"open","sticky":false,"template":"","format":"standard","meta":{"product_image_gallery":"","footnotes":""},"categories":[54],"tags":[],"class_list":["post-5808","post","type-post","status-publish","format-standard","has-post-thumbnail","hentry","category-eventos"],"yoast_head":"<!-- This site is optimized with the Yoast SEO plugin v28.3 - https:\/\/yoast.com\/product\/yoast-seo-wordpress\/ -->\n<title>Matrix en Fakuma 2026: celebramos la 30.\u00aa edici\u00f3n - Matrix<\/title>\n<meta name=\"description\" content=\"Matrix estar\u00e1 en Fakuma 2026 del 12 al 16 de octubre. Vis\u00edtanos en el pabell\u00f3n Zeppelin 1 y descubre las \u00faltimas novedades de Matrix.\" \/>\n<meta name=\"robots\" content=\"index, follow, max-snippet:-1, max-image-preview:large, max-video-preview:-1\" \/>\n<link rel=\"canonical\" href=\"https:\/\/www.matrix-sa.com\/es\/matrix-en-fakuma-2026-celebramos-la-30-a-edicion\/\" \/>\n<meta property=\"og:locale\" content=\"es_ES\" \/>\n<meta property=\"og:type\" content=\"article\" \/>\n<meta property=\"og:title\" content=\"Matrix en Fakuma 2026: celebramos la 30.\u00aa edici\u00f3n - Matrix\" \/>\n<meta property=\"og:description\" content=\"Matrix estar\u00e1 en Fakuma 2026 del 12 al 16 de octubre. Vis\u00edtanos en el pabell\u00f3n Zeppelin 1 y descubre las \u00faltimas novedades de Matrix.\" \/>\n<meta property=\"og:url\" content=\"https:\/\/www.matrix-sa.com\/es\/matrix-en-fakuma-2026-celebramos-la-30-a-edicion\/\" \/>\n<meta property=\"og:site_name\" content=\"Matrix\" \/>\n<meta property=\"article:published_time\" content=\"2026-09-02T13:44:31+00:00\" \/>\n<meta property=\"og:image\" content=\"https:\/\/www.matrix-sa.com\/wp-content\/uploads\/2026\/09\/Matrix-Fakuma-2026.jpg\" \/>\n\t<meta property=\"og:image:width\" content=\"1200\" \/>\n\t<meta property=\"og:image:height\" content=\"800\" \/>\n\t<meta property=\"og:image:type\" content=\"image\/jpeg\" \/>\n<meta name=\"author\" content=\"Joaquim\" \/>\n<meta name=\"twitter:card\" content=\"summary_large_image\" \/>\n<meta name=\"twitter:label1\" content=\"Escrito por\" \/>\n\t<meta name=\"twitter:data1\" content=\"Joaquim\" \/>\n\t<meta name=\"twitter:label2\" content=\"Tiempo de lectura\" \/>\n\t<meta name=\"twitter:data2\" content=\"1 minuto\" \/>\n<script type=\"application\/ld+json\" class=\"yoast-schema-graph\">{\"@context\":\"https:\\\/\\\/schema.org\",\"@graph\":[{\"@type\":\"Article\",\"@id\":\"https:\\\/\\\/www.matrix-sa.com\\\/es\\\/matrix-en-fakuma-2026-celebramos-la-30-a-edicion\\\/#article\",\"isPartOf\":{\"@id\":\"https:\\\/\\\/www.matrix-sa.com\\\/es\\\/matrix-en-fakuma-2026-celebramos-la-30-a-edicion\\\/\"},\"author\":{\"name\":\"Joaquim\",\"@id\":\"https:\\\/\\\/www.matrix-sa.com\\\/es\\\/#\\\/schema\\\/person\\\/3655406a66db58cf1a4bafacc4a37f98\"},\"headline\":\"Matrix en Fakuma 2026: celebramos la 30.\u00aa edici\u00f3n\",\"datePublished\":\"2026-09-02T13:44:31+00:00\",\"mainEntityOfPage\":{\"@id\":\"https:\\\/\\\/www.matrix-sa.com\\\/es\\\/matrix-en-fakuma-2026-celebramos-la-30-a-edicion\\\/\"},\"wordCount\":234,\"commentCount\":0,\"publisher\":{\"@id\":\"https:\\\/\\\/www.matrix-sa.com\\\/es\\\/#organization\"},\"image\":{\"@id\":\"https:\\\/\\\/www.matrix-sa.com\\\/es\\\/matrix-en-fakuma-2026-celebramos-la-30-a-edicion\\\/#primaryimage\"},\"thumbnailUrl\":\"https:\\\/\\\/www.matrix-sa.com\\\/wp-content\\\/uploads\\\/2026\\\/09\\\/Matrix-Fakuma-2026.jpg\",\"articleSection\":[\"Eventos\"],\"inLanguage\":\"es\",\"potentialAction\":[{\"@type\":\"CommentAction\",\"name\":\"Comment\",\"target\":[\"https:\\\/\\\/www.matrix-sa.com\\\/es\\\/matrix-en-fakuma-2026-celebramos-la-30-a-edicion\\\/#respond\"]}]},{\"@type\":\"WebPage\",\"@id\":\"https:\\\/\\\/www.matrix-sa.com\\\/es\\\/matrix-en-fakuma-2026-celebramos-la-30-a-edicion\\\/\",\"url\":\"https:\\\/\\\/www.matrix-sa.com\\\/es\\\/matrix-en-fakuma-2026-celebramos-la-30-a-edicion\\\/\",\"name\":\"Matrix en Fakuma 2026: celebramos la 30.\u00aa edici\u00f3n - Matrix\",\"isPartOf\":{\"@id\":\"https:\\\/\\\/www.matrix-sa.com\\\/es\\\/#website\"},\"primaryImageOfPage\":{\"@id\":\"https:\\\/\\\/www.matrix-sa.com\\\/es\\\/matrix-en-fakuma-2026-celebramos-la-30-a-edicion\\\/#primaryimage\"},\"image\":{\"@id\":\"https:\\\/\\\/www.matrix-sa.com\\\/es\\\/matrix-en-fakuma-2026-celebramos-la-30-a-edicion\\\/#primaryimage\"},\"thumbnailUrl\":\"https:\\\/\\\/www.matrix-sa.com\\\/wp-content\\\/uploads\\\/2026\\\/09\\\/Matrix-Fakuma-2026.jpg\",\"datePublished\":\"2026-09-02T13:44:31+00:00\",\"description\":\"Matrix estar\u00e1 en Fakuma 2026 del 12 al 16 de octubre. Vis\u00edtanos en el pabell\u00f3n Zeppelin 1 y descubre las \u00faltimas novedades de Matrix.\",\"breadcrumb\":{\"@id\":\"https:\\\/\\\/www.matrix-sa.com\\\/es\\\/matrix-en-fakuma-2026-celebramos-la-30-a-edicion\\\/#breadcrumb\"},\"inLanguage\":\"es\",\"potentialAction\":[{\"@type\":\"ReadAction\",\"target\":[\"https:\\\/\\\/www.matrix-sa.com\\\/es\\\/matrix-en-fakuma-2026-celebramos-la-30-a-edicion\\\/\"]}]},{\"@type\":\"ImageObject\",\"inLanguage\":\"es\",\"@id\":\"https:\\\/\\\/www.matrix-sa.com\\\/es\\\/matrix-en-fakuma-2026-celebramos-la-30-a-edicion\\\/#primaryimage\",\"url\":\"https:\\\/\\\/www.matrix-sa.com\\\/wp-content\\\/uploads\\\/2026\\\/09\\\/Matrix-Fakuma-2026.jpg\",\"contentUrl\":\"https:\\\/\\\/www.matrix-sa.com\\\/wp-content\\\/uploads\\\/2026\\\/09\\\/Matrix-Fakuma-2026.jpg\",\"width\":1200,\"height\":800,\"caption\":\"Matrix team in Zeppelin Hall 1 at Fakuma\"},{\"@type\":\"BreadcrumbList\",\"@id\":\"https:\\\/\\\/www.matrix-sa.com\\\/es\\\/matrix-en-fakuma-2026-celebramos-la-30-a-edicion\\\/#breadcrumb\",\"itemListElement\":[{\"@type\":\"ListItem\",\"position\":1,\"name\":\"Home\",\"item\":\"https:\\\/\\\/www.matrix-sa.com\\\/es\\\/inicio\\\/\"},{\"@type\":\"ListItem\",\"position\":2,\"name\":\"Matrix en Fakuma 2026: celebramos la 30.\u00aa edici\u00f3n\"}]},{\"@type\":\"WebSite\",\"@id\":\"https:\\\/\\\/www.matrix-sa.com\\\/es\\\/#website\",\"url\":\"https:\\\/\\\/www.matrix-sa.com\\\/es\\\/\",\"name\":\"Matrix - Injection Moulds\",\"description\":\"MATRIX is a company dedicated to designing and manufacturing high precision injection moulds using the most advanced technology integrated in CAD\\\/CAM\\\/CAE.\",\"publisher\":{\"@id\":\"https:\\\/\\\/www.matrix-sa.com\\\/es\\\/#organization\"},\"potentialAction\":[{\"@type\":\"SearchAction\",\"target\":{\"@type\":\"EntryPoint\",\"urlTemplate\":\"https:\\\/\\\/www.matrix-sa.com\\\/es\\\/?s={search_term_string}\"},\"query-input\":{\"@type\":\"PropertyValueSpecification\",\"valueRequired\":true,\"valueName\":\"search_term_string\"}}],\"inLanguage\":\"es\"},{\"@type\":\"Organization\",\"@id\":\"https:\\\/\\\/www.matrix-sa.com\\\/es\\\/#organization\",\"name\":\"Matrix\",\"url\":\"https:\\\/\\\/www.matrix-sa.com\\\/es\\\/\",\"logo\":{\"@type\":\"ImageObject\",\"inLanguage\":\"es\",\"@id\":\"https:\\\/\\\/www.matrix-sa.com\\\/es\\\/#\\\/schema\\\/logo\\\/image\\\/\",\"url\":\"https:\\\/\\\/www.matrix-sa.com\\\/wp-content\\\/uploads\\\/2025\\\/02\\\/Favicon.svg\",\"contentUrl\":\"https:\\\/\\\/www.matrix-sa.com\\\/wp-content\\\/uploads\\\/2025\\\/02\\\/Favicon.svg\",\"width\":44,\"height\":44,\"caption\":\"Matrix\"},\"image\":{\"@id\":\"https:\\\/\\\/www.matrix-sa.com\\\/es\\\/#\\\/schema\\\/logo\\\/image\\\/\"}},{\"@type\":\"Person\",\"@id\":\"https:\\\/\\\/www.matrix-sa.com\\\/es\\\/#\\\/schema\\\/person\\\/3655406a66db58cf1a4bafacc4a37f98\",\"name\":\"Joaquim\",\"image\":{\"@type\":\"ImageObject\",\"inLanguage\":\"es\",\"@id\":\"https:\\\/\\\/secure.gravatar.com\\\/avatar\\\/a5130a89703ae62de619b0467cebbc8aa30996c072e3185c296b160ca9d6253f?s=96&d=mm&r=g\",\"url\":\"https:\\\/\\\/secure.gravatar.com\\\/avatar\\\/a5130a89703ae62de619b0467cebbc8aa30996c072e3185c296b160ca9d6253f?s=96&d=mm&r=g\",\"contentUrl\":\"https:\\\/\\\/secure.gravatar.com\\\/avatar\\\/a5130a89703ae62de619b0467cebbc8aa30996c072e3185c296b160ca9d6253f?s=96&d=mm&r=g\",\"caption\":\"Joaquim\"},\"url\":\"https:\\\/\\\/www.matrix-sa.com\\\/es\\\/author\\\/joaquim-matrix\\\/\"}]}<\/script>\n<!-- \/ Yoast SEO plugin. -->","yoast_head_json":{"title":"Matrix en Fakuma 2026: celebramos la 30.\u00aa edici\u00f3n - Matrix","description":"Matrix estar\u00e1 en Fakuma 2026 del 12 al 16 de octubre. Vis\u00edtanos en el pabell\u00f3n Zeppelin 1 y descubre las \u00faltimas novedades de Matrix.","robots":{"index":"index","follow":"follow","max-snippet":"max-snippet:-1","max-image-preview":"max-image-preview:large","max-video-preview":"max-video-preview:-1"},"canonical":"https:\/\/www.matrix-sa.com\/es\/matrix-en-fakuma-2026-celebramos-la-30-a-edicion\/","og_locale":"es_ES","og_type":"article","og_title":"Matrix en Fakuma 2026: celebramos la 30.\u00aa edici\u00f3n - Matrix","og_description":"Matrix estar\u00e1 en Fakuma 2026 del 12 al 16 de octubre. Vis\u00edtanos en el pabell\u00f3n Zeppelin 1 y descubre las \u00faltimas novedades de Matrix.","og_url":"https:\/\/www.matrix-sa.com\/es\/matrix-en-fakuma-2026-celebramos-la-30-a-edicion\/","og_site_name":"Matrix","article_published_time":"2026-09-02T13:44:31+00:00","og_image":[{"width":1200,"height":800,"url":"https:\/\/www.matrix-sa.com\/wp-content\/uploads\/2026\/09\/Matrix-Fakuma-2026.jpg","type":"image\/jpeg"}],"author":"Joaquim","twitter_card":"summary_large_image","twitter_misc":{"Escrito por":"Joaquim","Tiempo de lectura":"1 minuto"},"schema":{"@context":"https:\/\/schema.org","@graph":[{"@type":"Article","@id":"https:\/\/www.matrix-sa.com\/es\/matrix-en-fakuma-2026-celebramos-la-30-a-edicion\/#article","isPartOf":{"@id":"https:\/\/www.matrix-sa.com\/es\/matrix-en-fakuma-2026-celebramos-la-30-a-edicion\/"},"author":{"name":"Joaquim","@id":"https:\/\/www.matrix-sa.com\/es\/#\/schema\/person\/3655406a66db58cf1a4bafacc4a37f98"},"headline":"Matrix en Fakuma 2026: celebramos la 30.\u00aa edici\u00f3n","datePublished":"2026-09-02T13:44:31+00:00","mainEntityOfPage":{"@id":"https:\/\/www.matrix-sa.com\/es\/matrix-en-fakuma-2026-celebramos-la-30-a-edicion\/"},"wordCount":234,"commentCount":0,"publisher":{"@id":"https:\/\/www.matrix-sa.com\/es\/#organization"},"image":{"@id":"https:\/\/www.matrix-sa.com\/es\/matrix-en-fakuma-2026-celebramos-la-30-a-edicion\/#primaryimage"},"thumbnailUrl":"https:\/\/www.matrix-sa.com\/wp-content\/uploads\/2026\/09\/Matrix-Fakuma-2026.jpg","articleSection":["Eventos"],"inLanguage":"es","potentialAction":[{"@type":"CommentAction","name":"Comment","target":["https:\/\/www.matrix-sa.com\/es\/matrix-en-fakuma-2026-celebramos-la-30-a-edicion\/#respond"]}]},{"@type":"WebPage","@id":"https:\/\/www.matrix-sa.com\/es\/matrix-en-fakuma-2026-celebramos-la-30-a-edicion\/","url":"https:\/\/www.matrix-sa.com\/es\/matrix-en-fakuma-2026-celebramos-la-30-a-edicion\/","name":"Matrix en Fakuma 2026: celebramos la 30.\u00aa edici\u00f3n - Matrix","isPartOf":{"@id":"https:\/\/www.matrix-sa.com\/es\/#website"},"primaryImageOfPage":{"@id":"https:\/\/www.matrix-sa.com\/es\/matrix-en-fakuma-2026-celebramos-la-30-a-edicion\/#primaryimage"},"image":{"@id":"https:\/\/www.matrix-sa.com\/es\/matrix-en-fakuma-2026-celebramos-la-30-a-edicion\/#primaryimage"},"thumbnailUrl":"https:\/\/www.matrix-sa.com\/wp-content\/uploads\/2026\/09\/Matrix-Fakuma-2026.jpg","datePublished":"2026-09-02T13:44:31+00:00","description":"Matrix estar\u00e1 en Fakuma 2026 del 12 al 16 de octubre. Vis\u00edtanos en el pabell\u00f3n Zeppelin 1 y descubre las \u00faltimas novedades de Matrix.","breadcrumb":{"@id":"https:\/\/www.matrix-sa.com\/es\/matrix-en-fakuma-2026-celebramos-la-30-a-edicion\/#breadcrumb"},"inLanguage":"es","potentialAction":[{"@type":"ReadAction","target":["https:\/\/www.matrix-sa.com\/es\/matrix-en-fakuma-2026-celebramos-la-30-a-edicion\/"]}]},{"@type":"ImageObject","inLanguage":"es","@id":"https:\/\/www.matrix-sa.com\/es\/matrix-en-fakuma-2026-celebramos-la-30-a-edicion\/#primaryimage","url":"https:\/\/www.matrix-sa.com\/wp-content\/uploads\/2026\/09\/Matrix-Fakuma-2026.jpg","contentUrl":"https:\/\/www.matrix-sa.com\/wp-content\/uploads\/2026\/09\/Matrix-Fakuma-2026.jpg","width":1200,"height":800,"caption":"Matrix team in Zeppelin Hall 1 at Fakuma"},{"@type":"BreadcrumbList","@id":"https:\/\/www.matrix-sa.com\/es\/matrix-en-fakuma-2026-celebramos-la-30-a-edicion\/#breadcrumb","itemListElement":[{"@type":"ListItem","position":1,"name":"Home","item":"https:\/\/www.matrix-sa.com\/es\/inicio\/"},{"@type":"ListItem","position":2,"name":"Matrix en Fakuma 2026: celebramos la 30.\u00aa edici\u00f3n"}]},{"@type":"WebSite","@id":"https:\/\/www.matrix-sa.com\/es\/#website","url":"https:\/\/www.matrix-sa.com\/es\/","name":"Matrix - Injection Moulds","description":"MATRIX is a company dedicated to designing and manufacturing high precision injection moulds using the most advanced technology integrated in CAD\/CAM\/CAE.","publisher":{"@id":"https:\/\/www.matrix-sa.com\/es\/#organization"},"potentialAction":[{"@type":"SearchAction","target":{"@type":"EntryPoint","urlTemplate":"https:\/\/www.matrix-sa.com\/es\/?s={search_term_string}"},"query-input":{"@type":"PropertyValueSpecification","valueRequired":true,"valueName":"search_term_string"}}],"inLanguage":"es"},{"@type":"Organization","@id":"https:\/\/www.matrix-sa.com\/es\/#organization","name":"Matrix","url":"https:\/\/www.matrix-sa.com\/es\/","logo":{"@type":"ImageObject","inLanguage":"es","@id":"https:\/\/www.matrix-sa.com\/es\/#\/schema\/logo\/image\/","url":"https:\/\/www.matrix-sa.com\/wp-content\/uploads\/2025\/02\/Favicon.svg","contentUrl":"https:\/\/www.matrix-sa.com\/wp-content\/uploads\/2025\/02\/Favicon.svg","width":44,"height":44,"caption":"Matrix"},"image":{"@id":"https:\/\/www.matrix-sa.com\/es\/#\/schema\/logo\/image\/"}},{"@type":"Person","@id":"https:\/\/www.matrix-sa.com\/es\/#\/schema\/person\/3655406a66db58cf1a4bafacc4a37f98","name":"Joaquim","image":{"@type":"ImageObject","inLanguage":"es","@id":"https:\/\/secure.gravatar.com\/avatar\/a5130a89703ae62de619b0467cebbc8aa30996c072e3185c296b160ca9d6253f?s=96&d=mm&r=g","url":"https:\/\/secure.gravatar.com\/avatar\/a5130a89703ae62de619b0467cebbc8aa30996c072e3185c296b160ca9d6253f?s=96&d=mm&r=g","contentUrl":"https:\/\/secure.gravatar.com\/avatar\/a5130a89703ae62de619b0467cebbc8aa30996c072e3185c296b160ca9d6253f?s=96&d=mm&r=g","caption":"Joaquim"},"url":"https:\/\/www.matrix-sa.com\/es\/author\/joaquim-matrix\/"}]}},"_links":{"self":[{"href":"https:\/\/www.matrix-sa.com\/es\/wp-json\/wp\/v2\/posts\/5808","targetHints":{"allow":["GET"]}}],"collection":[{"href":"https:\/\/www.matrix-sa.com\/es\/wp-json\/wp\/v2\/posts"}],"about":[{"href":"https:\/\/www.matrix-sa.com\/es\/wp-json\/wp\/v2\/types\/post"}],"author":[{"embeddable":true,"href":"https:\/\/www.matrix-sa.com\/es\/wp-json\/wp\/v2\/users\/3"}],"replies":[{"embeddable":true,"href":"https:\/\/www.matrix-sa.com\/es\/wp-json\/wp\/v2\/comments?post=5808"}],"version-history":[{"count":0,"href":"https:\/\/www.matrix-sa.com\/es\/wp-json\/wp\/v2\/posts\/5808\/revisions"}],"wp:featuredmedia":[{"embeddable":true,"href":"https:\/\/www.matrix-sa.com\/es\/wp-json\/wp\/v2\/media\/5803"}],"wp:attachment":[{"href":"https:\/\/www.matrix-sa.com\/es\/wp-json\/wp\/v2\/media?parent=5808"}],"wp:term":[{"taxonomy":"category","embeddable":true,"href":"https:\/\/www.matrix-sa.com\/es\/wp-json\/wp\/v2\/categories?post=5808"},{"taxonomy":"post_tag","embeddable":true,"href":"https:\/\/www.matrix-sa.com\/es\/wp-json\/wp\/v2\/tags?post=5808"}],"curies":[{"name":"wp","href":"https:\/\/api.w.org\/{rel}","templated":true}]}}